{"id":590,"date":"2021-07-17T15:11:46","date_gmt":"2021-07-17T14:11:46","guid":{"rendered":"https:\/\/hpv-untermais.com\/?p=590"},"modified":"2021-08-03T15:20:17","modified_gmt":"2021-08-03T14:20:17","slug":"truden-und-jochgrimm","status":"publish","type":"post","link":"https:\/\/hpv-untermais.com\/index.php\/2021\/07\/17\/truden-und-jochgrimm\/","title":{"rendered":"Truden und Jochgrimm"},"content":{"rendered":"\n<p>Am 3. Juli 2021 starteten die rd. 30 Vereinsmitglieder schon um halb acht in Untermais mit einem Bus der Paris Reisen, ausger\u00fcstet mit Anti-Corona-Masken und Impfpass, und erreichten \u00fcber Bozen, Auer, Montan und Kaltenbrunn das Sommerfrischdorf Truden auf 1150 m Seeh\u00f6he.<\/p>\n\n\n\n<p>Nach einem st\u00e4rkenden Kaffee f\u00fchrte der B\u00fcrgermeister Michael Epp\u00a0 in gekonnter Kurzfassung in die Ortsgeschichte ein, wies auf die gegenw\u00e4rtigen Probleme des Ortes hin mit dem Investitionsdruck aus dem Tal und den damit zusammenh\u00e4ngenden Gefahren f\u00fcr Ortsbild und Ortsentwicklung.\u00a0 Er verwies auf die Anstrengungen der Gemeinde, Authentizit\u00e4t und lebenswerte Ortsmerkmale zu erhalten und konnte gelungene Ans\u00e4tze hierf\u00fcr vor Ort zeigen,<br>so den Ausbau der bestehenden Feuerwehrhalle, den vorsichtigen Um- und Ausbau von Privath\u00e4usern, den Ankauf eines historischen Bauernhofes im Ortszentrum durch die Gemeinde und das erstellte Projekt f\u00fcr Mehrgenerationenwohnungen sowie die Realisierung der Neugestaltung des \u00f6ffentlichen Raumes im Dorfzentrum mit Kinderspielplatz, Begegnungsm\u00f6glichkeiten f\u00fcr Jung und Alt im \u00f6ffentlichen Gr\u00fcn. Durch diese bisherigen Bem\u00fchungen konnte mit breiter B\u00fcrgerbeteiligung die gewachsene Dorfstruktur mit der sehenswerten Dachlandschaft weitestgehend erhalten bleiben und nachahmenswerte Ans\u00e4tze f\u00fcr die zeitgem\u00e4\u00dfe, aber vorsichtige, Umgestaltung eines S\u00fcdtiroler Bergdorfes realisiert werden, um die Abwanderung trotz nicht optimaler Verkehrsanbindung und fehlender Arbeitspl\u00e4tze im Dorf zu stoppen, die Bauwut potenter Investoren einzubremsen und die Ortsbilderhaltung auf einen vielversprechenden Weg\u00a0 zu bringen. Mit dem Besuch der aus dem 12. Jahrhundert stammenden gotischen Pfarrkirche zum hl, Blasius und dem musterg\u00fcltig instand gehaltenen Friedhof klang der interessante und anregende Dorfrundgang aus.<\/p>\n\n\n\n<p>Gegen Mittag ging es dann mit dem Bus weiter \u00fcber Castel di Fiemme und Cavalese die enge Pa\u00dfstrasse zum Lavaz\u00e8joch, vorbei an Stava mit der Erinnerung an das \u00dcberschwemmungsungl\u00fcck aus dem Jahr 1985 mit \u00fcber 250 Todesopfern, die bei sachgem\u00e4\u00dfem Bau und ordentlicher Instandhaltung von D\u00e4mmen an Ablagerungs-becken des Fluorit-Bergwerkes der Montedison-Gruppe \u00a0h\u00e4tten verhindert werden k\u00f6nnen.\u00a0<\/p>\n\n\n\n<p>Entlang der Pa\u00dfstrasse sind noch, vor allem im oberen Abschnitt, die enormen Zerst\u00f6rungen des Schutzwaldes durch den Sturm Vaia im Herbst 2018 sichtbar. Trotz der inzwischen weitgehend abgeschlossenen Aufr\u00e4um- und Sicherungsma\u00dfnahmen beeindrucken die durch den Sturm angerichteten Zerst\u00f6rungen und lassen erahnen, dass es noch Jahrzehnte bis zur v\u00f6lligen Wiederherstellung der geschlossenen Waldlandschaft dauern wird.<\/p>\n\n\n\n<p>Nach diesen tr\u00fcben Erinnerungen entsch\u00e4digt die herrliche Rundumsicht am Jochgrimm mit Wei\u00dfhorn, Schlern, Rosengartengruppe, Latemar und Schwarzhorn.<br>Die Ausflugsteilnehmer wanderten am Fu\u00dfe des Wei\u00dfhorns bis zur Gurndin-Alm zum Mittagessen, bewunderten noch intakte Almwiesen mit Arnika, Brunelle, Knabenkraut und vielen anderen farbenfrohen Almblumen. Gest\u00e4rkt mit Wienerschnitzel und Polenta genossen die Heimatpfleger von Untermais den sonnigen Samstagnachmittag und machten sich nach Kaffee und Strauben auf den gem\u00fctlichen R\u00fcckweg nach Joch-Grimm, die Obfrau machte mit einigen wenigen den kleinen Umweg \u00fcber die urige Isi-Alm und erreichte \u00fcber einen kurzen Anstieg entlang von wunderbar bl\u00fchenden Almwiesen mit gl\u00fccklichen K\u00e4lbern ebenfalls Joch Grimm.<br><br>Eindrucksvolle Wolkent\u00fcrme \u00fcber der Brenta lie\u00dfen es ratsam erscheinen, etwas fr\u00fcher als geplant die Heimfahrt \u00fcber das Eggental anzutreten und so zufrieden und trocken den sch\u00f6nen Tag ausklingen zu lassen, der vielen Teilnehmern einen f\u00fcr sie bisher wenig bekannten Zipfel S\u00fcdtirols n\u00e4her gebracht hat.<\/p>\n\n\n\nngg_shortcode_0_placeholder\n","protected":false},"excerpt":{"rendered":"Am 3. Juli 2021 starteten die rd. 30 Vereinsmitglieder schon um halb acht in Untermais mit einem Bus&hellip;\n","protected":false},"author":2,"featured_media":591,"comment_status":"closed","ping_status":"open","sticky":false,"template":"","format":"standard","meta":{"ngg_post_thumbnail":0,"footnotes":""},"categories":[4],"tags":[],"class_list":{"0":"post-590","1":"post","2":"type-post","3":"status-publish","4":"format-standard","5":"has-post-thumbnail","7":"category-ausflug"},"_links":{"self":[{"href":"https:\/\/hpv-untermais.com\/index.php\/wp-json\/wp\/v2\/posts\/590","targetHints":{"allow":["GET"]}}],"collection":[{"href":"https:\/\/hpv-untermais.com\/index.php\/wp-json\/wp\/v2\/posts"}],"about":[{"href":"https:\/\/hpv-untermais.com\/index.php\/wp-json\/wp\/v2\/types\/post"}],"author":[{"embeddable":true,"href":"https:\/\/hpv-untermais.com\/index.php\/wp-json\/wp\/v2\/users\/2"}],"replies":[{"embeddable":true,"href":"https:\/\/hpv-untermais.com\/index.php\/wp-json\/wp\/v2\/comments?post=590"}],"version-history":[{"count":1,"href":"https:\/\/hpv-untermais.com\/index.php\/wp-json\/wp\/v2\/posts\/590\/revisions"}],"predecessor-version":[{"id":633,"href":"https:\/\/hpv-untermais.com\/index.php\/wp-json\/wp\/v2\/posts\/590\/revisions\/633"}],"wp:featuredmedia":[{"embeddable":true,"href":"https:\/\/hpv-untermais.com\/index.php\/wp-json\/wp\/v2\/media\/591"}],"wp:attachment":[{"href":"https:\/\/hpv-untermais.com\/index.php\/wp-json\/wp\/v2\/media?parent=590"}],"wp:term":[{"taxonomy":"category","embeddable":true,"href":"https:\/\/hpv-untermais.com\/index.php\/wp-json\/wp\/v2\/categories?post=590"},{"taxonomy":"post_tag","embeddable":true,"href":"https:\/\/hpv-untermais.com\/index.php\/wp-json\/wp\/v2\/tags?post=590"}],"curies":[{"name":"wp","href":"https:\/\/api.w.org\/{rel}","templated":true}]}}