{"id":77,"date":"2020-12-28T11:35:24","date_gmt":"2020-12-28T11:35:24","guid":{"rendered":"https:\/\/hpv-untermais.com\/?p=77"},"modified":"2021-08-03T15:20:17","modified_gmt":"2021-08-03T14:20:17","slug":"besichtigung-von-burg-karneid","status":"publish","type":"post","link":"https:\/\/hpv-untermais.com\/index.php\/2020\/12\/28\/besichtigung-von-burg-karneid\/","title":{"rendered":"Besichtigung von Burg Karneid"},"content":{"rendered":"\n<p>F\u00fcr Freitag, 18. Oktober 2019 hatte der Heimatpflegeverein Untermais zur Besichtigung von Burg Karneid geladen. Trotz des eher un\u00fcblichen Wochentages haben sich 22 Teilnehmer am Untermaiser Bahnhof eingefunden um die Burg mit \u00f6ffentlichen Verkehrsmitteln zu erreichen. In Bozen ging die Fahrt mit dem Linienbus, einem Kleinbus, weiter zur Burg Karneid .<\/p>\n\n\n\n<p>Sehr interessant und kurzweilig gestaltete dann Arch. Carlo Trentini die Besichtigung der stattlichen Burganlage, die direkt \u00fcber der Schlucht, am Eingang des Eggentales steht. Er bot uns einen guten Einblick in die wechselvolle Geschichte der Burg, deren Urspr\u00fcnge auf das 12. Jahrhundert zur\u00fcckgehen.<\/p>\n\n\n\n<p>Besonders gut erhalten ist die Burgkapelle zur Hl. Anna mit ihren sch\u00f6nen, romanischen Fresken. Malerisch zeigt sich der Innenhof mit Brunnen, Freitreppe und zweist\u00f6ckiger Loggia dem erstaunten Besucher. Mehrere S\u00e4le sind komplett eingerichtet und d\u00fcrfen von der Gemeinde Karneid f\u00fcr Sitzungen und Veranstaltungen genutzt werden. Mit einem atemberaubenden Blick von der Terrasse hinunter in die Eggentaler Schlucht und auf den Bozner Talkessel, schloss die beeindruckende Besichtigung.<\/p>\n\n\n\n<p>Nach einer kleinen St\u00e4rkung im oberhalb des Dorfes Karneid gelegenen Gasthofes Valzurg trat man die R\u00fcckfahrt an.<\/p>\n\n\n\n<p>Dieser Halbtagesausflug, der allen Teilnehmern sehr gut gefallen hat, ist auch ein Beweis daf\u00fcr, dass man ohne eigenes Auto, mit ganz geringem finanziellen Aufwand Sch\u00f6nes und Interessantes unternehmen und erleben kann.<\/p>\n\n\n\nngg_shortcode_0_placeholder\n\n\n\n<p><\/p>\n","protected":false},"excerpt":{"rendered":"F\u00fcr Freitag, 18. Oktober 2019 hatte der Heimatpflegeverein Untermais zur Besichtigung von Burg Karneid geladen. Trotz des eher&hellip;\n","protected":false},"author":1,"featured_media":126,"comment_status":"closed","ping_status":"closed","sticky":false,"template":"","format":"standard","meta":{"ngg_post_thumbnail":3,"footnotes":""},"categories":[4],"tags":[],"class_list":{"0":"post-77","1":"post","2":"type-post","3":"status-publish","4":"format-standard","5":"has-post-thumbnail","7":"category-ausflug"},"_links":{"self":[{"href":"https:\/\/hpv-untermais.com\/index.php\/wp-json\/wp\/v2\/posts\/77","targetHints":{"allow":["GET"]}}],"collection":[{"href":"https:\/\/hpv-untermais.com\/index.php\/wp-json\/wp\/v2\/posts"}],"about":[{"href":"https:\/\/hpv-untermais.com\/index.php\/wp-json\/wp\/v2\/types\/post"}],"author":[{"embeddable":true,"href":"https:\/\/hpv-untermais.com\/index.php\/wp-json\/wp\/v2\/users\/1"}],"replies":[{"embeddable":true,"href":"https:\/\/hpv-untermais.com\/index.php\/wp-json\/wp\/v2\/comments?post=77"}],"version-history":[{"count":1,"href":"https:\/\/hpv-untermais.com\/index.php\/wp-json\/wp\/v2\/posts\/77\/revisions"}],"predecessor-version":[{"id":636,"href":"https:\/\/hpv-untermais.com\/index.php\/wp-json\/wp\/v2\/posts\/77\/revisions\/636"}],"wp:featuredmedia":[{"embeddable":true,"href":"https:\/\/hpv-untermais.com\/index.php\/wp-json\/wp\/v2\/media\/126"}],"wp:attachment":[{"href":"https:\/\/hpv-untermais.com\/index.php\/wp-json\/wp\/v2\/media?parent=77"}],"wp:term":[{"taxonomy":"category","embeddable":true,"href":"https:\/\/hpv-untermais.com\/index.php\/wp-json\/wp\/v2\/categories?post=77"},{"taxonomy":"post_tag","embeddable":true,"href":"https:\/\/hpv-untermais.com\/index.php\/wp-json\/wp\/v2\/tags?post=77"}],"curies":[{"name":"wp","href":"https:\/\/api.w.org\/{rel}","templated":true}]}}